{"id":17760,"date":"2019-12-26T08:04:51","date_gmt":"2019-12-26T13:04:51","guid":{"rendered":"https:\/\/www.quipux.com\/web\/?p=10385"},"modified":"2019-12-26T08:04:51","modified_gmt":"2019-12-26T13:04:51","slug":"el-sistema-inteligente-de-movilidad-de-medellin-es-un-referente-de-innovacion-y-desarrollo-social-en-el-mundo","status":"publish","type":"post","link":"https:\/\/www.quipux.com\/web\/el-sistema-inteligente-de-movilidad-de-medellin-es-un-referente-de-innovacion-y-desarrollo-social-en-el-mundo\/","title":{"rendered":"El Sistema Inteligente de Movilidad de Medell\u00edn (SIMM) es un referente de innovaci\u00f3n y desarrollo social en el mundo"},"content":{"rendered":"<section class=\"wpb-content-wrapper\"><p>[vc_row fullwidth=&#8221;yes&#8221;][vc_column][vc_column_text]<\/p>\n<h1><strong>El Sistema Inteligente de Movilidad de Medell\u00edn es un referente de innovaci\u00f3n y desarrollo social en el mundo<\/strong><\/h1>\n<p>[\/vc_column_text][vc_empty_space height=&#8221;16px&#8221;][vc_column_text]<em>En noviembre de 2019, Medell\u00edn fue reconocida como &#8220;la ciudad m\u00e1s inteligente del mundo&#8221; por Newsweek&#8217;s Momentum Awards. Todos los cambios tecnol\u00f3gicos y sociales que se han venido implementando en la ciudad desde 1990 la hicieron merecedora del premio.<\/em>[\/vc_column_text][vc_empty_space height=&#8221;16px&#8221;][vc_single_image image=&#8221;10390&#8243; img_size=&#8221;full&#8221;][vc_empty_space height=&#8221;16px&#8221;][vc_column_text]<\/p>\n<h2><strong>El proyecto de fotodetecci\u00f3n ha contribuido a disminuir los accidentes de tr\u00e1nsito en la ciudad en hasta un 80% en los puntos monitoreados<\/strong><\/h2>\n<p>[\/vc_column_text][vc_empty_space height=&#8221;16px&#8221;][vc_column_text]De acuerdo con <a href=\"https:\/\/www.newsweek.com\/2019\/11\/22\/medellin-colombia-worlds-smartest-city-1471521.html\" target=\"_blank\" rel=\"noopener noreferrer\">un art\u00edculo en l\u00ednea publicado por Newsweek Magazine<\/a>, entre los avances innovadores que hicieron decisivo el desarrollo de la ciudad se menciona al Sistema Inteligente de Movilidad de Medell\u00edn (SIMM), m\u00e1s espec\u00edficamente el proyecto de fotodetecci\u00f3n, una medida pedag\u00f3gica y preventiva para fortalecer la cultura ciudadana y el respeto por las normas de tr\u00e1nsito. Iniciativa con la cual se ha logrado disminuir en aproximadamente un 80% los accidentes de tr\u00e1nsito en los sitios monitoreados.<\/p>\n<p>&nbsp;<\/p>\n<p>Durante el periodo de gobierno de Alonzo Salazar Herrera se implement\u00f3 el proyecto de fotodetecci\u00f3n a infractores de tr\u00e1nsito, el cual a\u00fan sigue en funcionamiento y est\u00e1 orientado a solucionar los problemas m\u00e1s apremiantes de movilidad de la ciudad.<\/p>\n<p>&nbsp;<\/p>\n<p>Para el 2009, 40 c\u00e1maras de fotodetecci\u00f3n fueron ubicadas en puntos neur\u00e1lgicos de la ciudad en las intersecciones con la mayor tasa de accidentalidad, estas vigilan m\u00e1s de un mill\u00f3n de veh\u00edculos al d\u00eda, detectando infracciones como: exceso de velocidad, cruzar con sem\u00e1foro en rojo, interponerse en los cruces peatonales o cebras, portar los documentos de revisi\u00f3n t\u00e9cnico mec\u00e1nica y SOAT vencidos, entre otras.<\/p>\n<p>&nbsp;<\/p>\n<p>Otras 80 c\u00e1maras inteligentes detectan accidentes o veh\u00edculos detenidos en las v\u00edas que puedan ser causantes de tr\u00e1fico, de manera que se pueda gestionar eficientemente a La Polic\u00eda u otros servicios para intervenir eficientemente en la situaci\u00f3n. En conjunto, son m\u00e1s de 800 c\u00e1maras que vigilan las v\u00edas de Medell\u00edn para identificar problemas de cualquier tipo, informaci\u00f3n que es analizada y usada en tiempo real para la toma de mejores decisiones de pol\u00edtica p\u00fablica.<\/p>\n<p>&nbsp;<\/p>\n<p>Adicionalmente, se cuenta con 22 paneles de mensajer\u00eda variable ubicados en zonas de alta confluencia vehicular los cuales brindan informaci\u00f3n en tiempo real a los ciudadanos acerca del estado de las v\u00edas.<\/p>\n<p>&nbsp;<\/p>\n<p>De acuerdo con el art\u00edculo: \u201cMedell\u00edn encontr\u00f3 formas de integrar el cambio tecnol\u00f3gico y el social para mejorar la calidad de vida de las personas en todos los rincones de la ciudad, especialmente, en aquellos lugares donde la mejora era m\u00e1s necesaria\u201d.<\/p>\n<p>&nbsp;<\/p>\n<p>Para leer m\u00e1s acerca de los otros desarrollos tecnol\u00f3gicos que hicieron de Medell\u00edn la ciudad m\u00e1s inteligente del 2019 haz <a href=\"https:\/\/www.newsweek.com\/2019\/11\/22\/medellin-colombia-worlds-smartest-city-1471521.html\" target=\"_blank\" rel=\"noopener noreferrer\">clic aqu\u00ed<\/a>.[\/vc_column_text][vc_empty_space height=&#8221;16px&#8221;][\/vc_column][\/vc_row][vc_row][vc_column][\/vc_column][\/vc_row]<\/p>\n<\/section>","protected":false},"excerpt":{"rendered":"<p>En noviembre de 2019, Medell\u00edn fue reconocida como &#8220;la ciudad m\u00e1s inteligente del mundo&#8221; por Newsweek&#8217;s Momentum Awards. Todos los cambios tecnol\u00f3gicos y sociales que se han venido implementando en la ciudad desde 1990 la hicieron merecedora del premio. Entre los avances innovadores que hicieron decisivo el desarrollo de la ciudad se menciona al Sistema Inteligente de Movilidad de Medell\u00edn (SIMM), m\u00e1s espec\u00edficamente el proyecto de fotodetecci\u00f3n.<\/p>\n","protected":false},"author":1,"featured_media":0,"comment_status":"closed","ping_status":"closed","sticky":false,"template":"","format":"standard","meta":{"footnotes":""},"categories":[27],"tags":[],"class_list":["post-17760","post","type-post","status-publish","format-standard","hentry","category-sin-categorizar"],"yoast_head":"<!-- This site is optimized with the Yoast SEO Premium plugin v15.6.2 - https:\/\/yoast.com\/wordpress\/plugins\/seo\/ -->\n<title>El Sistema Inteligente de Movilidad de Medell\u00edn (SIMM) es un referente de innovaci\u00f3n y desarrollo social en el mundo | Quipux<\/title>\n<meta name=\"robots\" content=\"index, follow, max-snippet:-1, max-image-preview:large, max-video-preview:-1\" \/>\n<link rel=\"canonical\" href=\"https:\/\/www.quipux.com\/web\/el-sistema-inteligente-de-movilidad-de-medellin-es-un-referente-de-innovacion-y-desarrollo-social-en-el-mundo\/\" \/>\n<meta property=\"og:locale\" content=\"es_ES\" \/>\n<meta property=\"og:type\" content=\"article\" \/>\n<meta property=\"og:title\" content=\"El Sistema Inteligente de Movilidad de Medell\u00edn (SIMM) es un referente de innovaci\u00f3n y desarrollo social en el mundo | Quipux\" \/>\n<meta property=\"og:description\" content=\"En noviembre de 2019, Medell\u00edn fue reconocida como &quot;la ciudad m\u00e1s inteligente del mundo&quot; por Newsweek&#039;s Momentum Awards. Todos los cambios tecnol\u00f3gicos y sociales que se han venido implementando en la ciudad desde 1990 la hicieron merecedora del premio. Entre los avances innovadores que hicieron decisivo el desarrollo de la ciudad se menciona al Sistema Inteligente de Movilidad de Medell\u00edn (SIMM), m\u00e1s espec\u00edficamente el proyecto de fotodetecci\u00f3n.\" \/>\n<meta property=\"og:url\" content=\"https:\/\/www.quipux.com\/web\/el-sistema-inteligente-de-movilidad-de-medellin-es-un-referente-de-innovacion-y-desarrollo-social-en-el-mundo\/\" \/>\n<meta property=\"og:site_name\" content=\"Quipux\" \/>\n<meta property=\"article:published_time\" content=\"2019-12-26T13:04:51+00:00\" \/>\n<meta name=\"twitter:card\" content=\"summary_large_image\" \/>\n<meta name=\"twitter:label1\" content=\"Tiempo de lectura\">\n\t<meta name=\"twitter:data1\" content=\"3 minutos\">\n<script type=\"application\/ld+json\" class=\"yoast-schema-graph\">{\"@context\":\"https:\/\/schema.org\",\"@graph\":[{\"@type\":\"Organization\",\"@id\":\"https:\/\/www.quipux.com\/web\/#organization\",\"name\":\"Quipux\",\"url\":\"https:\/\/www.quipux.com\/web\/\",\"sameAs\":[],\"logo\":{\"@type\":\"ImageObject\",\"@id\":\"https:\/\/www.quipux.com\/web\/#logo\",\"inLanguage\":\"es\",\"url\":\"https:\/\/www.quipux.com\/web\/wp-content\/uploads\/2022\/10\/Logo-quipux-1.png\",\"width\":195,\"height\":41,\"caption\":\"Quipux\"},\"image\":{\"@id\":\"https:\/\/www.quipux.com\/web\/#logo\"}},{\"@type\":\"WebSite\",\"@id\":\"https:\/\/www.quipux.com\/web\/#website\",\"url\":\"https:\/\/www.quipux.com\/web\/\",\"name\":\"Quipux\",\"description\":\"\",\"publisher\":{\"@id\":\"https:\/\/www.quipux.com\/web\/#organization\"},\"potentialAction\":[{\"@type\":\"SearchAction\",\"target\":\"https:\/\/www.quipux.com\/web\/?s={search_term_string}\",\"query-input\":\"required name=search_term_string\"}],\"inLanguage\":\"es\"},{\"@type\":\"WebPage\",\"@id\":\"https:\/\/www.quipux.com\/web\/el-sistema-inteligente-de-movilidad-de-medellin-es-un-referente-de-innovacion-y-desarrollo-social-en-el-mundo\/#webpage\",\"url\":\"https:\/\/www.quipux.com\/web\/el-sistema-inteligente-de-movilidad-de-medellin-es-un-referente-de-innovacion-y-desarrollo-social-en-el-mundo\/\",\"name\":\"El Sistema Inteligente de Movilidad de Medell\\u00edn (SIMM) es un referente de innovaci\\u00f3n y desarrollo social en el mundo | Quipux\",\"isPartOf\":{\"@id\":\"https:\/\/www.quipux.com\/web\/#website\"},\"datePublished\":\"2019-12-26T13:04:51+00:00\",\"dateModified\":\"2019-12-26T13:04:51+00:00\",\"inLanguage\":\"es\",\"potentialAction\":[{\"@type\":\"ReadAction\",\"target\":[\"https:\/\/www.quipux.com\/web\/el-sistema-inteligente-de-movilidad-de-medellin-es-un-referente-de-innovacion-y-desarrollo-social-en-el-mundo\/\"]}]},{\"@type\":\"Article\",\"@id\":\"https:\/\/www.quipux.com\/web\/el-sistema-inteligente-de-movilidad-de-medellin-es-un-referente-de-innovacion-y-desarrollo-social-en-el-mundo\/#article\",\"isPartOf\":{\"@id\":\"https:\/\/www.quipux.com\/web\/el-sistema-inteligente-de-movilidad-de-medellin-es-un-referente-de-innovacion-y-desarrollo-social-en-el-mundo\/#webpage\"},\"author\":{\"@id\":\"https:\/\/www.quipux.com\/web\/#\/schema\/person\/f837fcc74ed6c0741a0547fdf8b54a87\"},\"headline\":\"El Sistema Inteligente de Movilidad de Medell\\u00edn (SIMM) es un referente de innovaci\\u00f3n y desarrollo social en el mundo\",\"datePublished\":\"2019-12-26T13:04:51+00:00\",\"dateModified\":\"2019-12-26T13:04:51+00:00\",\"mainEntityOfPage\":{\"@id\":\"https:\/\/www.quipux.com\/web\/el-sistema-inteligente-de-movilidad-de-medellin-es-un-referente-de-innovacion-y-desarrollo-social-en-el-mundo\/#webpage\"},\"publisher\":{\"@id\":\"https:\/\/www.quipux.com\/web\/#organization\"},\"articleSection\":\"Sin categorizar\",\"inLanguage\":\"es\"},{\"@type\":\"Person\",\"@id\":\"https:\/\/www.quipux.com\/web\/#\/schema\/person\/f837fcc74ed6c0741a0547fdf8b54a87\",\"name\":\"admin_comunicaciones\",\"image\":{\"@type\":\"ImageObject\",\"@id\":\"https:\/\/www.quipux.com\/web\/#personlogo\",\"inLanguage\":\"es\",\"url\":\"https:\/\/secure.gravatar.com\/avatar\/9d4c98d6393bc424bcbf13bd214b975203ed1d5e3d23b5ce532ad38d24d95d31?s=96&d=mm&r=g\",\"caption\":\"admin_comunicaciones\"},\"sameAs\":[\"http:\/\/localhost:8888\/sitio-quipux\"]}]}<\/script>\n<!-- \/ Yoast SEO Premium plugin. -->","_links":{"self":[{"href":"https:\/\/www.quipux.com\/web\/wp-json\/wp\/v2\/posts\/17760","targetHints":{"allow":["GET"]}}],"collection":[{"href":"https:\/\/www.quipux.com\/web\/wp-json\/wp\/v2\/posts"}],"about":[{"href":"https:\/\/www.quipux.com\/web\/wp-json\/wp\/v2\/types\/post"}],"author":[{"embeddable":true,"href":"https:\/\/www.quipux.com\/web\/wp-json\/wp\/v2\/users\/1"}],"replies":[{"embeddable":true,"href":"https:\/\/www.quipux.com\/web\/wp-json\/wp\/v2\/comments?post=17760"}],"version-history":[{"count":0,"href":"https:\/\/www.quipux.com\/web\/wp-json\/wp\/v2\/posts\/17760\/revisions"}],"wp:attachment":[{"href":"https:\/\/www.quipux.com\/web\/wp-json\/wp\/v2\/media?parent=17760"}],"wp:term":[{"taxonomy":"category","embeddable":true,"href":"https:\/\/www.quipux.com\/web\/wp-json\/wp\/v2\/categories?post=17760"},{"taxonomy":"post_tag","embeddable":true,"href":"https:\/\/www.quipux.com\/web\/wp-json\/wp\/v2\/tags?post=17760"}],"curies":[{"name":"wp","href":"https:\/\/api.w.org\/{rel}","templated":true}]}}