{"id":18056,"date":"2022-12-19T18:03:06","date_gmt":"2022-12-19T23:03:06","guid":{"rendered":"https:\/\/www.quipux.com\/web\/?p=18056"},"modified":"2023-01-04T16:31:28","modified_gmt":"2023-01-04T21:31:28","slug":"recordemos-algunos-de-los-momentos-mas-importantes-de-la-compania-este-ano","status":"publish","type":"post","link":"https:\/\/www.quipux.com\/web\/recordemos-algunos-de-los-momentos-mas-importantes-de-la-compania-este-ano\/","title":{"rendered":"Recordemos algunos de los momentos m\u00e1s importantes de la compa\u00f1\u00eda este a\u00f1o&#8230;"},"content":{"rendered":"<section class=\"wpb-content-wrapper\"><p>[vc_row][vc_column][vc_column_text]<span style=\"font-weight: 400;\">En los pr\u00f3ximos d\u00edas daremos fin a este a\u00f1o 2022, en el cual vivimos momentos maravillosos como empresa. Dimos la bienvenida a nuestro equipo de trabajo a m\u00e1s de 170 nuevos talentos, fuimos testigos de varias premiaciones de las que salimos triunfantes con reconocimientos y galardones que ponen en alto el nombre de nuestra empresa, tanto nacional como internacionalmente.<\/span><\/p>\n<p>&nbsp;<\/p>\n<p><span style=\"font-weight: 400;\">Sabemos que la tecnolog\u00eda avanza de manera r\u00e1pida y debemos adaptarnos muy bien a los cambios y demandas que surgen con el d\u00eda a d\u00eda. Como Quipux, hemos sabido leer, interpretar y resolver los retos, evolucionando constantemente para aportar a ciudades m\u00e1s \u00e1giles e inteligentes, esto con la ayuda de cada uno de los talentos que aportan al crecimiento empresarial y por el cual hemos sobresalido ante las dem\u00e1s empresas.<\/span><\/p>\n<p>&nbsp;<\/p>\n<p><span style=\"font-weight: 400;\">Como prueba de esto, recordemos el m\u00e1s reciente reconocimiento que obtuvimos en compa\u00f1\u00eda de la Federaci\u00f3n Colombiana de Municipios en los Premios Ingenio 2022, que se llevaron a cabo el pasado 6 de diciembre en la ciudad de Bogot\u00e1, donde fuimos galardonados en la categor\u00eda de Casos de \u00c9xito 2022 del sector Gobierno, por la plataforma de servicios digitales de Simit. De la mano de este premio no podemos dejar pasar el desarrollo de la App Simit, que por su desarrollo, facilidad, y usabilidad con los ciudadanos, hemos obtenido buenos comentarios por parte de las personas de todo el territorio nacional que se pueden visualizar en las tiendas de descargas como IOS y Android.<\/span><\/p>\n<p>&nbsp;<\/p>\n<p><span style=\"font-weight: 400;\">Hicimos presencia tambi\u00e9n en otro lado del mundo, precisamente en el continente asi\u00e1tico y para ser m\u00e1s exactos en Se\u00fal, donde nuestro CBDO Juan Pablo Ram\u00edrez nos represent\u00f3 en el Korea-LAC Business Summit, siendo reconocidos como la mejor startup, resaltados por la presentaci\u00f3n del alto impacto de las soluciones tecnol\u00f3gicas en el segmento de ciudades inteligentes y sostenibles en Latinoam\u00e9rica, en el pitching session sobre <\/span><i><span style=\"font-weight: 400;\">Smart Cities and Sustainability.<\/span><\/i><\/p>\n<p>&nbsp;<\/p>\n<p><span style=\"font-weight: 400;\">Continuando con los reconocimientos, esta vez en nuestra ciudad, Quipux tambi\u00e9n fue ganadora de los premios Medell\u00edn Investiga, donde gracias al grupo de investigaci\u00f3n I+D+i obtuvimos el reconocimiento <\/span><i><span style=\"font-weight: 400;\">\u201cInvestigaci\u00f3n de mayor impacto de a\u00f1o\u201d<\/span><\/i><span style=\"font-weight: 400;\">, donde fortalecemos la adopci\u00f3n ciudadana del gobierno electr\u00f3nico y de esta forma, poder contribuir con la generaci\u00f3n del valor p\u00fablico, pasando de la teor\u00eda a la pr\u00e1ctica. Esta premiaci\u00f3n se llev\u00f3 a cabo en octubre.<\/span><\/p>\n<p>&nbsp;<\/p>\n<p><span style=\"font-weight: 400;\">Recordemos tambi\u00e9n que ese mismo mes, ganamos uno de los cinco puestos que otorgaba Ruta N, en compa\u00f1\u00eda de la C\u00e1mara de Comercio de Espa\u00f1a, para viajar al pa\u00eds ib\u00e9rico a una Misi\u00f3n Internacional al sistema empresarial, donde fuimos representados por Isa\u00edas Lans, nuestro Director de la c\u00e9lula I+D+i. Este recorrido, tuvo una duraci\u00f3n de 7 d\u00edas donde se cumplieron alrededor de 12 visitas, esto con el fin de conocer diferentes unidades de I+D empresariales, centros de desarrollo tecnol\u00f3gico, parques tecnol\u00f3gicos, universidades y agencias de CTi, aprender c\u00f3mo pasar de desarrollos tecnol\u00f3gicos a negocios adaptables que pasen de la investigaci\u00f3n a la aplicaci\u00f3n en el mercado.\u00a0<\/span><\/p>\n<p>&nbsp;<\/p>\n<p><span style=\"font-weight: 400;\">De la mano de esta incre\u00edble c\u00e9lula, tenemos tambi\u00e9n el aporte al crecimiento empresarial de este a\u00f1o con la publicaci\u00f3n de art\u00edculos en revistas internacionales como son <\/span><b><i>PLOS ONE<\/i><\/b><span style=\"font-weight: 400;\"> y\u00a0 <\/span><b><i>Public Management Review<\/i><\/b> <span style=\"font-weight: 400;\">con sus art\u00edculos <\/span><span style=\"font-weight: 400;\">\u201c<\/span><i><span style=\"font-weight: 400;\">Factors influencing citizens\u2019 adoption of e-government: an empirical validation in a Developing Latin American Country<\/span><\/i><span style=\"font-weight: 400;\">\u201d y \u201c<\/span><i><span style=\"font-weight: 400;\">Government influence on e-government adoption by citizens in Colombia: Empirical evidence in a Latin American context<\/span><\/i><i><span style=\"font-weight: 400;\">\u201d.\u00a0<\/span><\/i>[\/vc_column_text][vc_empty_space height=&#8221;20px&#8221;][vc_custom_heading text=&#8221;Recuerda que puedes leer los art\u00edculos completos en:&#8221; font_container=&#8221;tag:h2|text_align:center&#8221; google_fonts=&#8221;font_family:Lato%3A100%2C100italic%2C300%2C300italic%2Cregular%2Citalic%2C700%2C700italic%2C900%2C900italic|font_style:400%20regular%3A400%3Anormal&#8221;][\/vc_column][\/vc_row][vc_row][vc_column width=&#8221;1\/4&#8243;][\/vc_column][vc_column width=&#8221;1\/2&#8243;][button title=&#8221;Art\u00edculo PLOS ONE&#8221; link=&#8221;https:\/\/journals.plos.org\/plosone\/article?id=10.1371\/journal.pone.0264495&#8243; align=&#8221;center&#8221;][\/vc_column][vc_column width=&#8221;1\/4&#8243;][\/vc_column][\/vc_row][vc_row][vc_column width=&#8221;1\/4&#8243;][\/vc_column][vc_column width=&#8221;1\/2&#8243;][button title=&#8221;Art\u00edculo Public Management Review&#8221; link=&#8221;https:\/\/www.tandfonline.com\/doi\/abs\/10.1080\/14719037.2022.2078500?scroll=top&amp;needAccess=true&amp;journalCode=rpxm20&#8243; align=&#8221;center&#8221; icon=&#8221;&#8221;][\/vc_column][vc_column width=&#8221;1\/4&#8243;][\/vc_column][\/vc_row][vc_row][vc_column][vc_column_text]<span style=\"font-weight: 400;\">Aqu\u00ed nos cuentan <\/span><span style=\"font-weight: 400;\">sobre: <\/span><i><span style=\"font-weight: 400;\">\u201cLa optimizaci\u00f3n en la prestaci\u00f3n de servicios de gobierno mediante el uso de las TIC\u201d<\/span><\/i><span style=\"font-weight: 400;\">. <\/span><span style=\"font-weight: 400;\">Su enfoque en esta \u00e1rea de investigaci\u00f3n es el desarrollo de modelos y la aplicaci\u00f3n de las tecnolog\u00edas de la informaci\u00f3n y las comunicaciones, para modernizar y optimizar la interacci\u00f3n entre las entidades gubernamentales, las empresas del sector y los ciudadanos.<\/span>[\/vc_column_text][vc_column_text]<span style=\"font-weight: 400;\">Por otro lado, no podemos olvidar los momentos importantes que vivimos de manera interna en nuestra compa\u00f1\u00eda como lo son las certificaciones, que para seguir en la vanguardia del negocio, capacitamos a algunos talentos para que regulen las normas internas y sigamos siendo sobresalientes en la industria del software. Junto con esto, tenemos las valoraciones como CMMI, que es el modelo de buenas pr\u00e1cticas que ayuda a mejorar el rendimiento de los procesos claves de las empresas y en nuestro caso, el ciclo de vida de desarrollo de software y los procesos transversales que lo ayudan a ser mejor.<\/span><\/p>\n<p>&nbsp;<\/p>\n<p><span style=\"font-weight: 400;\">De la misma forma, en c\u00f3mo nos preocupamos por los procesos y el buen desarrollo del software que presentamos a los gobiernos, nos interesamos tambi\u00e9n por el bienestar y crecimiento de nuestros talentos. Fuimos destacados en el concurso People First, por nuestro plan bien definido a corto y largo plazo, con enfoque social concreto y comunicaci\u00f3n asertiva y coherente, que <\/span><span style=\"font-weight: 400;\">busca brindar oportunidades de estudio y empleo a estudiantes de colegios p\u00fablicos de Medell\u00edn. El impacto social y buenos resultados de nuestro programa, nos permite portar orgullosamente el sello otorgado por People First.<\/span><\/p>\n<p>&nbsp;<\/p>\n<p><span style=\"font-weight: 400;\">Como \u00faltimo evento interno de nuestra empresa, no olvidemos el <\/span><i><span style=\"font-weight: 400;\">EpiQ.Lab<\/span><\/i><span style=\"font-weight: 400;\">, tres d\u00edas de co-creaci\u00f3n lleno de aprendizajes e ideas importantes para evolucionar nuestro portafolio. Estuvimos acompa\u00f1ados por expertos en el tema de innovaci\u00f3n, que con\u00a0 su conocimiento, aportes y explicaciones, encaminaron las ideas de los equipo participantes, para que estas pudieran florecer y finalmente ser conocidas por los jurados del evento y por la empresa en general, donde dio por resultado tres proyectos maravillosos y completamente aplicables al d\u00eda a d\u00eda de nuestra marca.\u00a0<\/span><\/p>\n<p>&nbsp;<\/p>\n<p><span style=\"font-weight: 400;\">No queda m\u00e1s que agradecer a todos y cada uno de nuestros talentos, que trabajaron arduamente y aportaron de gran manera para que nuestra empresa lograr\u00e1 sobresalir en los diferentes reconocimientos nacionales e internacionales. Gracias por estar al pendiente de cada proceso, para que marchara de la mejor forma obteniendo resultados \u00fanicos. Gracias por aportar lo mejor de su talento para que fu\u00e9ramos una empresa reconocida.\u00a0<\/span><\/p>\n<p>&nbsp;<\/p>\n<p><span style=\"font-weight: 400;\">Nos despedimos de un a\u00f1o que estuvo lleno de \u00e9xitos y <\/span><span style=\"font-weight: 400;\">\u00a0estamos ansiosos por comenzar otro en el que las oportunidades son infinitas.<\/span>[\/vc_column_text][vc_custom_heading text=&#8221;\u00a1Gracias por hacer que las cosas pasen!&#8221; font_container=&#8221;tag:h2|text_align:center&#8221; google_fonts=&#8221;font_family:Lato%3A100%2C100italic%2C300%2C300italic%2Cregular%2Citalic%2C700%2C700italic%2C900%2C900italic|font_style:400%20regular%3A400%3Anormal&#8221;][\/vc_column][\/vc_row]<\/p>\n<\/section>","protected":false},"excerpt":{"rendered":"<p>Otro a\u00f1o lleno de \u00e9xitos llega a su fin y queremos hacer un recuento de cada uno de ellos&#8230;<\/p>\n","protected":false},"author":1,"featured_media":18171,"comment_status":"closed","ping_status":"closed","sticky":false,"template":"","format":"standard","meta":{"footnotes":""},"categories":[70,69,85],"tags":[],"class_list":["post-18056","post","type-post","status-publish","format-standard","has-post-thumbnail","hentry","category-innovacion","category-nuestras-operaciones","category-reconocimientos"],"yoast_head":"<!-- This site is optimized with the Yoast SEO Premium plugin v15.6.2 - https:\/\/yoast.com\/wordpress\/plugins\/seo\/ -->\n<title>Recordemos algunos de los momentos m\u00e1s importantes de la compa\u00f1\u00eda este a\u00f1o... | Quipux<\/title>\n<meta name=\"robots\" content=\"index, follow, max-snippet:-1, max-image-preview:large, max-video-preview:-1\" \/>\n<link rel=\"canonical\" href=\"https:\/\/www.quipux.com\/web\/recordemos-algunos-de-los-momentos-mas-importantes-de-la-compania-este-ano\/\" \/>\n<meta property=\"og:locale\" content=\"es_ES\" \/>\n<meta property=\"og:type\" content=\"article\" \/>\n<meta property=\"og:title\" content=\"Recordemos algunos de los momentos m\u00e1s importantes de la compa\u00f1\u00eda este a\u00f1o... | Quipux\" \/>\n<meta property=\"og:description\" content=\"Otro a\u00f1o lleno de \u00e9xitos llega a su fin y queremos hacer un recuento de cada uno de ellos...\" \/>\n<meta property=\"og:url\" content=\"https:\/\/www.quipux.com\/web\/recordemos-algunos-de-los-momentos-mas-importantes-de-la-compania-este-ano\/\" \/>\n<meta property=\"og:site_name\" content=\"Quipux\" \/>\n<meta property=\"article:published_time\" content=\"2022-12-19T23:03:06+00:00\" \/>\n<meta property=\"article:modified_time\" content=\"2023-01-04T21:31:28+00:00\" \/>\n<meta property=\"og:image\" content=\"https:\/\/www.quipux.com\/web\/wp-content\/uploads\/2022\/12\/Premios-generales-espanol_Banners_Sitio-web_Quipux.jpg\" \/>\n\t<meta property=\"og:image:width\" content=\"800\" \/>\n\t<meta property=\"og:image:height\" content=\"246\" \/>\n<meta name=\"twitter:card\" content=\"summary_large_image\" \/>\n<meta name=\"twitter:label1\" content=\"Tiempo de lectura\">\n\t<meta name=\"twitter:data1\" content=\"6 minutos\">\n<script type=\"application\/ld+json\" class=\"yoast-schema-graph\">{\"@context\":\"https:\/\/schema.org\",\"@graph\":[{\"@type\":\"Organization\",\"@id\":\"https:\/\/www.quipux.com\/web\/#organization\",\"name\":\"Quipux\",\"url\":\"https:\/\/www.quipux.com\/web\/\",\"sameAs\":[],\"logo\":{\"@type\":\"ImageObject\",\"@id\":\"https:\/\/www.quipux.com\/web\/#logo\",\"inLanguage\":\"es\",\"url\":\"https:\/\/www.quipux.com\/web\/wp-content\/uploads\/2022\/10\/Logo-quipux-1.png\",\"width\":195,\"height\":41,\"caption\":\"Quipux\"},\"image\":{\"@id\":\"https:\/\/www.quipux.com\/web\/#logo\"}},{\"@type\":\"WebSite\",\"@id\":\"https:\/\/www.quipux.com\/web\/#website\",\"url\":\"https:\/\/www.quipux.com\/web\/\",\"name\":\"Quipux\",\"description\":\"\",\"publisher\":{\"@id\":\"https:\/\/www.quipux.com\/web\/#organization\"},\"potentialAction\":[{\"@type\":\"SearchAction\",\"target\":\"https:\/\/www.quipux.com\/web\/?s={search_term_string}\",\"query-input\":\"required name=search_term_string\"}],\"inLanguage\":\"es\"},{\"@type\":\"ImageObject\",\"@id\":\"https:\/\/www.quipux.com\/web\/recordemos-algunos-de-los-momentos-mas-importantes-de-la-compania-este-ano\/#primaryimage\",\"inLanguage\":\"es\",\"url\":\"https:\/\/www.quipux.com\/web\/wp-content\/uploads\/2022\/12\/Premios-generales-espanol_Banners_Sitio-web_Quipux.jpg\",\"width\":800,\"height\":246},{\"@type\":\"WebPage\",\"@id\":\"https:\/\/www.quipux.com\/web\/recordemos-algunos-de-los-momentos-mas-importantes-de-la-compania-este-ano\/#webpage\",\"url\":\"https:\/\/www.quipux.com\/web\/recordemos-algunos-de-los-momentos-mas-importantes-de-la-compania-este-ano\/\",\"name\":\"Recordemos algunos de los momentos m\\u00e1s importantes de la compa\\u00f1\\u00eda este a\\u00f1o... | Quipux\",\"isPartOf\":{\"@id\":\"https:\/\/www.quipux.com\/web\/#website\"},\"primaryImageOfPage\":{\"@id\":\"https:\/\/www.quipux.com\/web\/recordemos-algunos-de-los-momentos-mas-importantes-de-la-compania-este-ano\/#primaryimage\"},\"datePublished\":\"2022-12-19T23:03:06+00:00\",\"dateModified\":\"2023-01-04T21:31:28+00:00\",\"inLanguage\":\"es\",\"potentialAction\":[{\"@type\":\"ReadAction\",\"target\":[\"https:\/\/www.quipux.com\/web\/recordemos-algunos-de-los-momentos-mas-importantes-de-la-compania-este-ano\/\"]}]},{\"@type\":\"Article\",\"@id\":\"https:\/\/www.quipux.com\/web\/recordemos-algunos-de-los-momentos-mas-importantes-de-la-compania-este-ano\/#article\",\"isPartOf\":{\"@id\":\"https:\/\/www.quipux.com\/web\/recordemos-algunos-de-los-momentos-mas-importantes-de-la-compania-este-ano\/#webpage\"},\"author\":{\"@id\":\"https:\/\/www.quipux.com\/web\/#\/schema\/person\/f837fcc74ed6c0741a0547fdf8b54a87\"},\"headline\":\"Recordemos algunos de los momentos m\\u00e1s importantes de la compa\\u00f1\\u00eda este a\\u00f1o&#8230;\",\"datePublished\":\"2022-12-19T23:03:06+00:00\",\"dateModified\":\"2023-01-04T21:31:28+00:00\",\"mainEntityOfPage\":{\"@id\":\"https:\/\/www.quipux.com\/web\/recordemos-algunos-de-los-momentos-mas-importantes-de-la-compania-este-ano\/#webpage\"},\"publisher\":{\"@id\":\"https:\/\/www.quipux.com\/web\/#organization\"},\"image\":{\"@id\":\"https:\/\/www.quipux.com\/web\/recordemos-algunos-de-los-momentos-mas-importantes-de-la-compania-este-ano\/#primaryimage\"},\"articleSection\":\"Innovaci\\u00f3n,Nuestras operaciones,Reconocimientos\",\"inLanguage\":\"es\"},{\"@type\":\"Person\",\"@id\":\"https:\/\/www.quipux.com\/web\/#\/schema\/person\/f837fcc74ed6c0741a0547fdf8b54a87\",\"name\":\"admin_comunicaciones\",\"image\":{\"@type\":\"ImageObject\",\"@id\":\"https:\/\/www.quipux.com\/web\/#personlogo\",\"inLanguage\":\"es\",\"url\":\"https:\/\/secure.gravatar.com\/avatar\/9d4c98d6393bc424bcbf13bd214b975203ed1d5e3d23b5ce532ad38d24d95d31?s=96&d=mm&r=g\",\"caption\":\"admin_comunicaciones\"},\"sameAs\":[\"http:\/\/localhost:8888\/sitio-quipux\"]}]}<\/script>\n<!-- \/ Yoast SEO Premium plugin. -->","_links":{"self":[{"href":"https:\/\/www.quipux.com\/web\/wp-json\/wp\/v2\/posts\/18056","targetHints":{"allow":["GET"]}}],"collection":[{"href":"https:\/\/www.quipux.com\/web\/wp-json\/wp\/v2\/posts"}],"about":[{"href":"https:\/\/www.quipux.com\/web\/wp-json\/wp\/v2\/types\/post"}],"author":[{"embeddable":true,"href":"https:\/\/www.quipux.com\/web\/wp-json\/wp\/v2\/users\/1"}],"replies":[{"embeddable":true,"href":"https:\/\/www.quipux.com\/web\/wp-json\/wp\/v2\/comments?post=18056"}],"version-history":[{"count":5,"href":"https:\/\/www.quipux.com\/web\/wp-json\/wp\/v2\/posts\/18056\/revisions"}],"predecessor-version":[{"id":18079,"href":"https:\/\/www.quipux.com\/web\/wp-json\/wp\/v2\/posts\/18056\/revisions\/18079"}],"wp:featuredmedia":[{"embeddable":true,"href":"https:\/\/www.quipux.com\/web\/wp-json\/wp\/v2\/media\/18171"}],"wp:attachment":[{"href":"https:\/\/www.quipux.com\/web\/wp-json\/wp\/v2\/media?parent=18056"}],"wp:term":[{"taxonomy":"category","embeddable":true,"href":"https:\/\/www.quipux.com\/web\/wp-json\/wp\/v2\/categories?post=18056"},{"taxonomy":"post_tag","embeddable":true,"href":"https:\/\/www.quipux.com\/web\/wp-json\/wp\/v2\/tags?post=18056"}],"curies":[{"name":"wp","href":"https:\/\/api.w.org\/{rel}","templated":true}]}}