{"id":20510,"date":"2023-12-29T13:17:03","date_gmt":"2023-12-29T18:17:03","guid":{"rendered":"https:\/\/www.quipux.com\/web\/gracias-2023-reflexiones-de-un-ano-caracterizado-por-la-expansion\/"},"modified":"2025-03-20T14:03:00","modified_gmt":"2025-03-20T19:03:00","slug":"gracias-2023-reflexiones-de-un-ano-caracterizado-por-la-expansion","status":"publish","type":"post","link":"https:\/\/www.quipux.com\/web\/gracias-2023-reflexiones-de-un-ano-caracterizado-por-la-expansion\/?lang=pt-br","title":{"rendered":"Obrigado, 2023! Reflex\u00f5es sobre um ano marcado pela expans\u00e3o"},"content":{"rendered":"<section class=\"wpb-content-wrapper\"><p>[vc_row][vc_column][vc_empty_space height=&#8221;20px&#8221;][vc_column_text]\u00c0 medida que mais um ano memor\u00e1vel chega ao fim, \u00e9 o momento perfeito para lembrar e celebrar todas as conquistas que alcan\u00e7amos. Continue lendo o artigo para saber sobre os destaques do ano; que foram alcan\u00e7ados por uma equipe de mais de 500 pessoas apaixonadas, talentosas e criativas.[\/vc_column_text][\/vc_column][\/vc_row][vc_row][vc_column][vc_column_text]<strong>Trabalho duro da Quipux \u00c1frica para impactar a mobilidade africana<\/strong>[\/vc_column_text][vc_empty_space height=&#8221;20px&#8221;][vc_column_text]No in\u00edcio deste ano, nossa equipe colombiana estava realizando uma imers\u00e3o t\u00e9cnica na Costa do Marfim, na \u00c1frica; com o objetivo de entender, em primeira m\u00e3o, quais aspectos de nossas solu\u00e7\u00f5es e servi\u00e7os precisavam de adapta\u00e7\u00f5es e melhorias. Essa imers\u00e3o foi essencial para identificar as necessidades e particularidades espec\u00edficas da cultura africana, permitindo-nos desenhar estrat\u00e9gias mais eficazes para sua evolu\u00e7\u00e3o.<\/p>\n<p>Da mesma forma, no final do ano, recebemos a delega\u00e7\u00e3o da Quipux \u00c1frica em nossa sede. <strong>Essa troca de conhecimento e experi\u00eancias reafirmou nosso compromisso m\u00fatuo e fortaleceu nossa vis\u00e3o compartilhada de promover a mobilidade tecnol\u00f3gica segura no continente africano.<\/strong>[\/vc_column_text][vc_empty_space height=&#8221;20px&#8221;][vc_column_text]<strong>Relacionamento cont\u00ednuo com a Quipux Brasil para desenvolver a tecnologia governamental latino-americana<\/strong>[\/vc_column_text][vc_empty_space height=&#8221;20px&#8221;][vc_column_text]Ao longo do ano, a equipe da Quipux Col\u00f4mbia visitou diversas cidades do Brasil, onde implementamos importantes solu\u00e7\u00f5es governamentais, como Servi\u00e7os Digitais, Diretor e Gest\u00e3o de Cuidados. Tamb\u00e9m recebemos a equipe Quipux Brasil e alguns de nossos aliados brasileiros em Medell\u00edn em diversas ocasi\u00f5es. Essas reuni\u00f5es abriram novas oportunidades de neg\u00f3cios nos setores governamental e de mobilidade na regi\u00e3o.<\/p>\n<p>Al\u00e9m disso, gra\u00e7as ao nosso relacionamento pr\u00f3ximo com nossos parceiros, facilitamos oportunidades de transfer\u00eancia de conhecimento, permitindo-nos apoiar seu crescimento tecnol\u00f3gico e expandir nossas pr\u00f3prias capacidades.[\/vc_column_text][vc_empty_space height=&#8221;20px&#8221;][vc_column_text]<strong>Equador inicia sua transforma\u00e7\u00e3o de mobilidade digital com Quipux<\/strong>[\/vc_column_text][vc_empty_space height=&#8221;20px&#8221;][vc_column_text]Durante 2023, o pa\u00eds implementou a solu\u00e7\u00e3o de Multas de Tr\u00e2nsito, que \u00e9 um passo significativo para a seguran\u00e7a e o desenvolvimento das estradas.<\/p>\n<p>Da mesma forma, o cant\u00e3o de Milagro iniciou seu processo de evolu\u00e7\u00e3o integrando nosso ecossistema de mobilidade digital, com o objetivo de oferecer aos seus cidad\u00e3os solu\u00e7\u00f5es integrais adaptadas \u00e0s necessidades da cidade para alcan\u00e7ar uma mobilidade eficiente e sustent\u00e1vel.[\/vc_column_text][vc_empty_space height=&#8221;20px&#8221;][vc_column_text]<strong>O impacto positivo que geramos em nosso pa\u00eds<\/strong>[\/vc_column_text][vc_empty_space height=&#8221;20px&#8221;][vc_column_text]Assim como Milagro, Manizales decidiu implementar nosso ecossistema de mobilidade digital, com uma vis\u00e3o clara de melhorar a qualidade de vida das pessoas em resposta \u00e0s demandas que a cidade identificou em rela\u00e7\u00e3o aos acidentes de tr\u00e2nsito.<\/p>\n<p>Esta decis\u00e3o n\u00e3o apenas refor\u00e7a o compromisso da Manizales com a inova\u00e7\u00e3o e o progresso, mas tamb\u00e9m ressalta sua determina\u00e7\u00e3o em continuar seus esfor\u00e7os de transforma\u00e7\u00e3o digital, garantindo assim uma mobilidade mais eficiente, sustent\u00e1vel e segura.[\/vc_column_text][vc_empty_space height=&#8221;20px&#8221;][vc_column_text]<strong>Qonnection se junta ao nosso portf\u00f3lio de solu\u00e7\u00f5es e servi\u00e7os<\/strong>[\/vc_column_text][vc_empty_space height=&#8221;20px&#8221;][vc_column_text]Encerramos o ano com o lan\u00e7amento de um novo servi\u00e7o, chamado Qonnection; Este \u00e9 o in\u00edcio da omnicanalidade nos governos, oferecendo aten\u00e7\u00e3o integral as pessoas, mantendo-os informados e atualizados sobre suas responsabilidades perante as organiza\u00e7\u00f5es governamentais. Isso \u00e9 alcan\u00e7ado por meio da fus\u00e3o de ferramentas tecnol\u00f3gicas, canais de comunica\u00e7\u00e3o e uma equipe altamente treinada.<\/p>\n<p>Este projeto foi implementado em tempo recorde pelas Secretarias de Mobilidade de Cali e Manizales.[\/vc_column_text][vc_empty_space height=&#8221;20px&#8221;][vc_column_text]Assim, recebemos o pr\u00f3ximo ano com otimismo e entusiasmo, e lembramos da import\u00e2ncia de trabalharmos juntos para continuar contribuindo para a constru\u00e7\u00e3o de cidades mais seguras, sustent\u00e1veis \u200b\u200be inclusivas.<\/p>\n<p>Que 2024 seja um ano em que continuemos a crescer, aprender e colaborar para alcan\u00e7ar todas as metas que j\u00e1 sonhamos, bem como aquelas que surgirem.[\/vc_column_text][\/vc_column][\/vc_row]<\/p>\n<\/section>","protected":false},"excerpt":{"rendered":"<p>El 2023 en Quipux se caracteriz\u00f3 por la expansi\u00f3n a nivel mundial y nacional. Aqu\u00ed te contamos cu\u00e1les fueron esas metas que logramos.<\/p>\n","protected":false},"author":1,"featured_media":20240,"comment_status":"closed","ping_status":"closed","sticky":false,"template":"","format":"standard","meta":{"footnotes":""},"categories":[129,128,130],"tags":[],"class_list":["post-20510","post","type-post","status-publish","format-standard","has-post-thumbnail","hentry","category-innovacion-pt-br","category-nuestras-operaciones-pt-br","category-reconocimientos-pt-br"],"yoast_head":"<!-- This site is optimized with the Yoast SEO Premium plugin v15.6.2 - https:\/\/yoast.com\/wordpress\/plugins\/seo\/ -->\n<title>Obrigado, 2023! Reflex\u00f5es sobre um ano marcado pela expans\u00e3o | Quipux<\/title>\n<meta name=\"description\" content=\"O ano de 2023 na Quipux foi marcado pela expans\u00e3o global e nacional. Aqui contamos quais objetivos alcan\u00e7amos.\" \/>\n<meta name=\"robots\" content=\"index, follow, max-snippet:-1, max-image-preview:large, max-video-preview:-1\" \/>\n<link rel=\"canonical\" href=\"https:\/\/www.quipux.com\/web\/gracias-2023-reflexiones-de-un-ano-caracterizado-por-la-expansion\/?lang=pt-br\" \/>\n<meta property=\"og:locale\" content=\"es_ES\" \/>\n<meta property=\"og:type\" content=\"article\" \/>\n<meta property=\"og:title\" content=\"Obrigado, 2023! Reflex\u00f5es sobre um ano marcado pela expans\u00e3o | Quipux\" \/>\n<meta property=\"og:description\" content=\"O ano de 2023 na Quipux foi marcado pela expans\u00e3o global e nacional. Aqui contamos quais objetivos alcan\u00e7amos.\" \/>\n<meta property=\"og:url\" content=\"https:\/\/www.quipux.com\/web\/gracias-2023-reflexiones-de-un-ano-caracterizado-por-la-expansion\/?lang=pt-br\" \/>\n<meta property=\"og:site_name\" content=\"Quipux\" \/>\n<meta property=\"article:published_time\" content=\"2023-12-29T18:17:03+00:00\" \/>\n<meta property=\"article:modified_time\" content=\"2025-03-20T19:03:00+00:00\" \/>\n<meta property=\"og:image\" content=\"https:\/\/www.quipux.com\/web\/wp-content\/uploads\/2023\/12\/Banner-Web-Qx-Fin-de-ano.jpg\" \/>\n\t<meta property=\"og:image:width\" content=\"800\" \/>\n\t<meta property=\"og:image:height\" content=\"246\" \/>\n<meta name=\"twitter:card\" content=\"summary_large_image\" \/>\n<meta name=\"twitter:label1\" content=\"Tiempo de lectura\">\n\t<meta name=\"twitter:data1\" content=\"3 minutos\">\n<script type=\"application\/ld+json\" class=\"yoast-schema-graph\">{\"@context\":\"https:\/\/schema.org\",\"@graph\":[{\"@type\":\"Organization\",\"@id\":\"https:\/\/www.quipux.com\/web\/#organization\",\"name\":\"Quipux\",\"url\":\"https:\/\/www.quipux.com\/web\/\",\"sameAs\":[],\"logo\":{\"@type\":\"ImageObject\",\"@id\":\"https:\/\/www.quipux.com\/web\/#logo\",\"inLanguage\":\"es\",\"url\":\"https:\/\/www.quipux.com\/web\/wp-content\/uploads\/2022\/10\/Logo-quipux-1.png\",\"width\":195,\"height\":41,\"caption\":\"Quipux\"},\"image\":{\"@id\":\"https:\/\/www.quipux.com\/web\/#logo\"}},{\"@type\":\"WebSite\",\"@id\":\"https:\/\/www.quipux.com\/web\/#website\",\"url\":\"https:\/\/www.quipux.com\/web\/\",\"name\":\"Quipux\",\"description\":\"\",\"publisher\":{\"@id\":\"https:\/\/www.quipux.com\/web\/#organization\"},\"potentialAction\":[{\"@type\":\"SearchAction\",\"target\":\"https:\/\/www.quipux.com\/web\/?s={search_term_string}\",\"query-input\":\"required name=search_term_string\"}],\"inLanguage\":\"es\"},{\"@type\":\"ImageObject\",\"@id\":\"https:\/\/www.quipux.com\/web\/gracias-2023-reflexiones-de-un-ano-caracterizado-por-la-expansion\/?lang=pt-br#primaryimage\",\"inLanguage\":\"es\",\"url\":\"https:\/\/www.quipux.com\/web\/wp-content\/uploads\/2023\/12\/Banner-Web-Qx-Fin-de-ano.jpg\",\"width\":800,\"height\":246},{\"@type\":\"WebPage\",\"@id\":\"https:\/\/www.quipux.com\/web\/gracias-2023-reflexiones-de-un-ano-caracterizado-por-la-expansion\/?lang=pt-br#webpage\",\"url\":\"https:\/\/www.quipux.com\/web\/gracias-2023-reflexiones-de-un-ano-caracterizado-por-la-expansion\/?lang=pt-br\",\"name\":\"Obrigado, 2023! Reflex\\u00f5es sobre um ano marcado pela expans\\u00e3o | Quipux\",\"isPartOf\":{\"@id\":\"https:\/\/www.quipux.com\/web\/#website\"},\"primaryImageOfPage\":{\"@id\":\"https:\/\/www.quipux.com\/web\/gracias-2023-reflexiones-de-un-ano-caracterizado-por-la-expansion\/?lang=pt-br#primaryimage\"},\"datePublished\":\"2023-12-29T18:17:03+00:00\",\"dateModified\":\"2025-03-20T19:03:00+00:00\",\"description\":\"O ano de 2023 na Quipux foi marcado pela expans\\u00e3o global e nacional. Aqui contamos quais objetivos alcan\\u00e7amos.\",\"inLanguage\":\"es\",\"potentialAction\":[{\"@type\":\"ReadAction\",\"target\":[\"https:\/\/www.quipux.com\/web\/gracias-2023-reflexiones-de-un-ano-caracterizado-por-la-expansion\/?lang=pt-br\"]}]},{\"@type\":\"Article\",\"@id\":\"https:\/\/www.quipux.com\/web\/gracias-2023-reflexiones-de-un-ano-caracterizado-por-la-expansion\/?lang=pt-br#article\",\"isPartOf\":{\"@id\":\"https:\/\/www.quipux.com\/web\/gracias-2023-reflexiones-de-un-ano-caracterizado-por-la-expansion\/?lang=pt-br#webpage\"},\"author\":{\"@id\":\"https:\/\/www.quipux.com\/web\/#\/schema\/person\/f837fcc74ed6c0741a0547fdf8b54a87\"},\"headline\":\"Obrigado, 2023! Reflex\\u00f5es sobre um ano marcado pela expans\\u00e3o\",\"datePublished\":\"2023-12-29T18:17:03+00:00\",\"dateModified\":\"2025-03-20T19:03:00+00:00\",\"mainEntityOfPage\":{\"@id\":\"https:\/\/www.quipux.com\/web\/gracias-2023-reflexiones-de-un-ano-caracterizado-por-la-expansion\/?lang=pt-br#webpage\"},\"publisher\":{\"@id\":\"https:\/\/www.quipux.com\/web\/#organization\"},\"image\":{\"@id\":\"https:\/\/www.quipux.com\/web\/gracias-2023-reflexiones-de-un-ano-caracterizado-por-la-expansion\/?lang=pt-br#primaryimage\"},\"articleSection\":\"Innovaci\\u00f3n,Nuestras operaciones,Reconocimientos\",\"inLanguage\":\"es\"},{\"@type\":\"Person\",\"@id\":\"https:\/\/www.quipux.com\/web\/#\/schema\/person\/f837fcc74ed6c0741a0547fdf8b54a87\",\"name\":\"admin_comunicaciones\",\"image\":{\"@type\":\"ImageObject\",\"@id\":\"https:\/\/www.quipux.com\/web\/#personlogo\",\"inLanguage\":\"es\",\"url\":\"https:\/\/secure.gravatar.com\/avatar\/9d4c98d6393bc424bcbf13bd214b975203ed1d5e3d23b5ce532ad38d24d95d31?s=96&d=mm&r=g\",\"caption\":\"admin_comunicaciones\"},\"sameAs\":[\"http:\/\/localhost:8888\/sitio-quipux\"]}]}<\/script>\n<!-- \/ Yoast SEO Premium plugin. -->","_links":{"self":[{"href":"https:\/\/www.quipux.com\/web\/wp-json\/wp\/v2\/posts\/20510","targetHints":{"allow":["GET"]}}],"collection":[{"href":"https:\/\/www.quipux.com\/web\/wp-json\/wp\/v2\/posts"}],"about":[{"href":"https:\/\/www.quipux.com\/web\/wp-json\/wp\/v2\/types\/post"}],"author":[{"embeddable":true,"href":"https:\/\/www.quipux.com\/web\/wp-json\/wp\/v2\/users\/1"}],"replies":[{"embeddable":true,"href":"https:\/\/www.quipux.com\/web\/wp-json\/wp\/v2\/comments?post=20510"}],"version-history":[{"count":8,"href":"https:\/\/www.quipux.com\/web\/wp-json\/wp\/v2\/posts\/20510\/revisions"}],"predecessor-version":[{"id":20644,"href":"https:\/\/www.quipux.com\/web\/wp-json\/wp\/v2\/posts\/20510\/revisions\/20644"}],"wp:featuredmedia":[{"embeddable":true,"href":"https:\/\/www.quipux.com\/web\/wp-json\/wp\/v2\/media\/20240"}],"wp:attachment":[{"href":"https:\/\/www.quipux.com\/web\/wp-json\/wp\/v2\/media?parent=20510"}],"wp:term":[{"taxonomy":"category","embeddable":true,"href":"https:\/\/www.quipux.com\/web\/wp-json\/wp\/v2\/categories?post=20510"},{"taxonomy":"post_tag","embeddable":true,"href":"https:\/\/www.quipux.com\/web\/wp-json\/wp\/v2\/tags?post=20510"}],"curies":[{"name":"wp","href":"https:\/\/api.w.org\/{rel}","templated":true}]}}