{"id":20520,"date":"2023-10-13T16:27:21","date_gmt":"2023-10-13T21:27:21","guid":{"rendered":"https:\/\/www.quipux.com\/web\/los-regalos-que-nos-dejan-nuestros-28-anos\/"},"modified":"2025-03-20T14:33:09","modified_gmt":"2025-03-20T19:33:09","slug":"los-regalos-que-nos-dejan-nuestros-28-anos","status":"publish","type":"post","link":"https:\/\/www.quipux.com\/web\/los-regalos-que-nos-dejan-nuestros-28-anos\/?lang=pt-br","title":{"rendered":"Os presentes que nosso anivers\u00e1rio de 28 anos nos deixou!"},"content":{"rendered":"<section class=\"wpb-content-wrapper\"><p>[vc_row][vc_column][vc_empty_space height=&#8221;20px&#8221;][vc_column_text]<strong>Expans\u00e3o pela Col\u00f4mbia, Am\u00e9rica Latina e \u00c1frica.<\/strong>[\/vc_column_text][\/vc_column][\/vc_row][vc_row][vc_column][vc_column_text]Todos os anos, a Quipux embarca em projetos de expans\u00e3o global. <strong>Com inova\u00e7\u00e3o, determina\u00e7\u00e3o e vis\u00e3o, cruzamos fronteiras e continentes, levando nossas solu\u00e7\u00f5es e servi\u00e7os para o mundo inteiro<\/strong>, reafirmando nosso compromisso com a seguran\u00e7a no tr\u00e2nsito e a transforma\u00e7\u00e3o digital da mobilidade.<\/p>\n<p>Com cada implementa\u00e7\u00e3o, estabelecemos fortes relacionamentos de governan\u00e7a e criamos alian\u00e7as estrat\u00e9gicas que impulsionam a constru\u00e7\u00e3o de sistemas de mobilidade inteligentes. <strong>Nossa presen\u00e7a global n\u00e3o apenas expande nosso alcance, mas tamb\u00e9m nos permite impactar positivamente a qualidade de vida de mais pessoas.<\/strong><\/p>\n<p><strong>Come\u00e7amos 2023 com uma miss\u00e3o \u00e0 \u00c1frica<\/strong> liderada por l\u00edderes de F\u00e1bricas de Software para aprender sobre a cultura e a forma como as solu\u00e7\u00f5es e servi\u00e7os s\u00e3o desenvolvidos, e descobrir quais aspectos precisam ser melhorados e adaptados para sua evolu\u00e7\u00e3o. Novos recursos tamb\u00e9m foram implementados.<\/p>\n<p><strong>Esse progresso, alcan\u00e7ado pela equipe colombiana e pela equipe costarriquenha, foi fundamental para o reconhecimento recebido pelo Minist\u00e9rio dos Transportes da Costa do Marfim<\/strong> com o Pr\u00eamio Kofi Annan de Inova\u00e7\u00e3o em Seguran\u00e7a Vi\u00e1ria pela implementa\u00e7\u00e3o do Sistema de Transporte Inteligente (ITS). Este reconhecimento \u00e9 concedido pelas Na\u00e7\u00f5es Unidas.<\/p>\n<p>No primeiro semestre, <strong>estivemos no Rio de Janeiro implantando a solu\u00e7\u00e3o de Gest\u00e3o de Cuidados<\/strong> nas tr\u00eas unidades da cidade, que t\u00eam capacidade para realizar 30 mil atendimentos por dia.<\/p>\n<p><strong>Tamb\u00e9m foi implementada a plataforma de Servi\u00e7os Digitais<\/strong>, permitindo que os cidad\u00e3os realizem procedimentos e servi\u00e7os de forma totalmente virtual e por videochamadas. Tamb\u00e9m estamos integrados \u00e0 plataforma do governo, permitindo que os cidad\u00e3os concluam seu processo de agendamento por meio desta plataforma.<\/p>\n<p><strong>Al\u00e9m disso, podemos confirmar que duas novas cidades se juntaram ao nosso ecossistema de mobilidade digital: Manizales, na Col\u00f4mbia, e Milagro, no Equador<\/strong>. Ao longo de 2023, trabalhamos na instala\u00e7\u00e3o e implementa\u00e7\u00e3o das nossas solu\u00e7\u00f5es e servi\u00e7os nestas cidades, onde contribu\u00edmos para a transforma\u00e7\u00e3o digital e a evolu\u00e7\u00e3o da mobilidade.<\/p>\n<p><strong>Em rela\u00e7\u00e3o ao impacto que tivemos em n\u00edvel nacional no Equador<\/strong>, devemos mencionar a implementa\u00e7\u00e3o da solu\u00e7\u00e3o para detec\u00e7\u00e3o eletr\u00f4nica de infratores em diversas cidades. Isso foi inclu\u00eddo no plano de mobilidade do pa\u00eds para melhorar a mobilidade e garantir a seguran\u00e7a nas estradas.[\/vc_column_text][vc_empty_space height=&#8221;20px&#8221;][vc_column_text]<strong>Iniciativas de gest\u00e3o de talentos que impactaram talentos e a regi\u00e3o.<\/strong>[\/vc_column_text][vc_empty_space height=&#8221;20px&#8221;][vc_column_text]O foco da \u00e1rea neste ano foi claro: <strong>garantir o bem-estar dos talentos da empresa por meio de uma cultura em que todos possam ser aut\u00eanticos e ter acesso a atividades que promovam a sa\u00fade mental<\/strong>, o bem-estar e a desconex\u00e3o do trabalho.<\/p>\n<p>Com iniciativas como a <strong>Cultura Diversificada, a empresa reafirma seu compromisso em estabelecer e implementar pol\u00edticas corporativas que promovam a igualdade independentemente de ra\u00e7a, sexo, g\u00eanero, etnia, condi\u00e7\u00e3o, etc<\/strong>. Gra\u00e7as a isso, fomos reconhecidos pela segunda vez consecutiva como uma empresa People First, pois somos uma empresa que coloca o talento no centro de tudo.<\/p>\n<p>Da mesma forma, foi lan\u00e7ado o programa \u201cRota Expedi\u00e7\u00e3o\u201d. <strong>Este programa oferece uma variedade de atividades de bem-estar que fornecem aos talentos ferramentas para autocuidado e redu\u00e7\u00e3o do estresse<\/strong>, por meio de espa\u00e7os din\u00e2micos que promovem a intera\u00e7\u00e3o social entre os talentos e incentivam o trabalho em equipe.<\/p>\n<p>E como um marco importante na responsabilidade social corporativa, temos o lan\u00e7amento do \u201cProject Inn\u201d. Como complemento \u00e0 iniciativa &#8220;Salas de Aula da Cidade&#8221;, esta iniciativa se concentra em fornecer treinamento e oportunidades de estudo em desenvolvimento de software, levando a oportunidades de emprego subsequentes. Isso representa apoio \u00e0 educa\u00e7\u00e3o no leste de Antioquia.[\/vc_column_text][\/vc_column][\/vc_row]<\/p>\n<\/section>","protected":false},"excerpt":{"rendered":"<p>\u00a1Estamos celebrando nuestros 28 a\u00f1os! Y aqu\u00ed te contamos un poco de los logros empresariales vividos durante este a\u00f1o.<\/p>\n","protected":false},"author":1,"featured_media":20237,"comment_status":"closed","ping_status":"closed","sticky":false,"template":"","format":"standard","meta":{"footnotes":""},"categories":[129,128,130],"tags":[],"class_list":["post-20520","post","type-post","status-publish","format-standard","has-post-thumbnail","hentry","category-innovacion-pt-br","category-nuestras-operaciones-pt-br","category-reconocimientos-pt-br"],"yoast_head":"<!-- This site is optimized with the Yoast SEO Premium plugin v15.6.2 - https:\/\/yoast.com\/wordpress\/plugins\/seo\/ -->\n<title>Os presentes que nosso anivers\u00e1rio de 28 anos nos deixou! | Quipux<\/title>\n<meta name=\"description\" content=\"Estamos comemorando nosso 28\u00ba anivers\u00e1rio! E aqui contamos um pouco sobre as conquistas empresariais que vivenciamos neste ano.\" \/>\n<meta name=\"robots\" content=\"index, follow, max-snippet:-1, max-image-preview:large, max-video-preview:-1\" \/>\n<link rel=\"canonical\" href=\"https:\/\/www.quipux.com\/web\/los-regalos-que-nos-dejan-nuestros-28-anos\/?lang=pt-br\" \/>\n<meta property=\"og:locale\" content=\"es_ES\" \/>\n<meta property=\"og:type\" content=\"article\" \/>\n<meta property=\"og:title\" content=\"Os presentes que nosso anivers\u00e1rio de 28 anos nos deixou! | Quipux\" \/>\n<meta property=\"og:description\" content=\"Estamos comemorando nosso 28\u00ba anivers\u00e1rio! E aqui contamos um pouco sobre as conquistas empresariais que vivenciamos neste ano.\" \/>\n<meta property=\"og:url\" content=\"https:\/\/www.quipux.com\/web\/los-regalos-que-nos-dejan-nuestros-28-anos\/?lang=pt-br\" \/>\n<meta property=\"og:site_name\" content=\"Quipux\" \/>\n<meta property=\"article:published_time\" content=\"2023-10-13T21:27:21+00:00\" \/>\n<meta property=\"article:modified_time\" content=\"2025-03-20T19:33:09+00:00\" \/>\n<meta property=\"og:image\" content=\"https:\/\/www.quipux.com\/web\/wp-content\/uploads\/2023\/10\/Cumpleanos_Banners_Sitio-web_Quipux.jpg\" \/>\n\t<meta property=\"og:image:width\" content=\"800\" \/>\n\t<meta property=\"og:image:height\" content=\"246\" \/>\n<meta name=\"twitter:card\" content=\"summary_large_image\" \/>\n<meta name=\"twitter:label1\" content=\"Tiempo de lectura\">\n\t<meta name=\"twitter:data1\" content=\"3 minutos\">\n<script type=\"application\/ld+json\" class=\"yoast-schema-graph\">{\"@context\":\"https:\/\/schema.org\",\"@graph\":[{\"@type\":\"Organization\",\"@id\":\"https:\/\/www.quipux.com\/web\/#organization\",\"name\":\"Quipux\",\"url\":\"https:\/\/www.quipux.com\/web\/\",\"sameAs\":[],\"logo\":{\"@type\":\"ImageObject\",\"@id\":\"https:\/\/www.quipux.com\/web\/#logo\",\"inLanguage\":\"es\",\"url\":\"https:\/\/www.quipux.com\/web\/wp-content\/uploads\/2022\/10\/Logo-quipux-1.png\",\"width\":195,\"height\":41,\"caption\":\"Quipux\"},\"image\":{\"@id\":\"https:\/\/www.quipux.com\/web\/#logo\"}},{\"@type\":\"WebSite\",\"@id\":\"https:\/\/www.quipux.com\/web\/#website\",\"url\":\"https:\/\/www.quipux.com\/web\/\",\"name\":\"Quipux\",\"description\":\"\",\"publisher\":{\"@id\":\"https:\/\/www.quipux.com\/web\/#organization\"},\"potentialAction\":[{\"@type\":\"SearchAction\",\"target\":\"https:\/\/www.quipux.com\/web\/?s={search_term_string}\",\"query-input\":\"required name=search_term_string\"}],\"inLanguage\":\"es\"},{\"@type\":\"ImageObject\",\"@id\":\"https:\/\/www.quipux.com\/web\/los-regalos-que-nos-dejan-nuestros-28-anos\/?lang=pt-br#primaryimage\",\"inLanguage\":\"es\",\"url\":\"https:\/\/www.quipux.com\/web\/wp-content\/uploads\/2023\/10\/Cumpleanos_Banners_Sitio-web_Quipux.jpg\",\"width\":800,\"height\":246},{\"@type\":\"WebPage\",\"@id\":\"https:\/\/www.quipux.com\/web\/los-regalos-que-nos-dejan-nuestros-28-anos\/?lang=pt-br#webpage\",\"url\":\"https:\/\/www.quipux.com\/web\/los-regalos-que-nos-dejan-nuestros-28-anos\/?lang=pt-br\",\"name\":\"Os presentes que nosso anivers\\u00e1rio de 28 anos nos deixou! | Quipux\",\"isPartOf\":{\"@id\":\"https:\/\/www.quipux.com\/web\/#website\"},\"primaryImageOfPage\":{\"@id\":\"https:\/\/www.quipux.com\/web\/los-regalos-que-nos-dejan-nuestros-28-anos\/?lang=pt-br#primaryimage\"},\"datePublished\":\"2023-10-13T21:27:21+00:00\",\"dateModified\":\"2025-03-20T19:33:09+00:00\",\"description\":\"Estamos comemorando nosso 28\\u00ba anivers\\u00e1rio! E aqui contamos um pouco sobre as conquistas empresariais que vivenciamos neste ano.\",\"inLanguage\":\"es\",\"potentialAction\":[{\"@type\":\"ReadAction\",\"target\":[\"https:\/\/www.quipux.com\/web\/los-regalos-que-nos-dejan-nuestros-28-anos\/?lang=pt-br\"]}]},{\"@type\":\"Article\",\"@id\":\"https:\/\/www.quipux.com\/web\/los-regalos-que-nos-dejan-nuestros-28-anos\/?lang=pt-br#article\",\"isPartOf\":{\"@id\":\"https:\/\/www.quipux.com\/web\/los-regalos-que-nos-dejan-nuestros-28-anos\/?lang=pt-br#webpage\"},\"author\":{\"@id\":\"https:\/\/www.quipux.com\/web\/#\/schema\/person\/f837fcc74ed6c0741a0547fdf8b54a87\"},\"headline\":\"Os presentes que nosso anivers\\u00e1rio de 28 anos nos deixou!\",\"datePublished\":\"2023-10-13T21:27:21+00:00\",\"dateModified\":\"2025-03-20T19:33:09+00:00\",\"mainEntityOfPage\":{\"@id\":\"https:\/\/www.quipux.com\/web\/los-regalos-que-nos-dejan-nuestros-28-anos\/?lang=pt-br#webpage\"},\"publisher\":{\"@id\":\"https:\/\/www.quipux.com\/web\/#organization\"},\"image\":{\"@id\":\"https:\/\/www.quipux.com\/web\/los-regalos-que-nos-dejan-nuestros-28-anos\/?lang=pt-br#primaryimage\"},\"articleSection\":\"Innovaci\\u00f3n,Nuestras operaciones,Reconocimientos\",\"inLanguage\":\"es\"},{\"@type\":\"Person\",\"@id\":\"https:\/\/www.quipux.com\/web\/#\/schema\/person\/f837fcc74ed6c0741a0547fdf8b54a87\",\"name\":\"admin_comunicaciones\",\"image\":{\"@type\":\"ImageObject\",\"@id\":\"https:\/\/www.quipux.com\/web\/#personlogo\",\"inLanguage\":\"es\",\"url\":\"https:\/\/secure.gravatar.com\/avatar\/9d4c98d6393bc424bcbf13bd214b975203ed1d5e3d23b5ce532ad38d24d95d31?s=96&d=mm&r=g\",\"caption\":\"admin_comunicaciones\"},\"sameAs\":[\"http:\/\/localhost:8888\/sitio-quipux\"]}]}<\/script>\n<!-- \/ Yoast SEO Premium plugin. -->","_links":{"self":[{"href":"https:\/\/www.quipux.com\/web\/wp-json\/wp\/v2\/posts\/20520","targetHints":{"allow":["GET"]}}],"collection":[{"href":"https:\/\/www.quipux.com\/web\/wp-json\/wp\/v2\/posts"}],"about":[{"href":"https:\/\/www.quipux.com\/web\/wp-json\/wp\/v2\/types\/post"}],"author":[{"embeddable":true,"href":"https:\/\/www.quipux.com\/web\/wp-json\/wp\/v2\/users\/1"}],"replies":[{"embeddable":true,"href":"https:\/\/www.quipux.com\/web\/wp-json\/wp\/v2\/comments?post=20520"}],"version-history":[{"count":6,"href":"https:\/\/www.quipux.com\/web\/wp-json\/wp\/v2\/posts\/20520\/revisions"}],"predecessor-version":[{"id":20651,"href":"https:\/\/www.quipux.com\/web\/wp-json\/wp\/v2\/posts\/20520\/revisions\/20651"}],"wp:featuredmedia":[{"embeddable":true,"href":"https:\/\/www.quipux.com\/web\/wp-json\/wp\/v2\/media\/20237"}],"wp:attachment":[{"href":"https:\/\/www.quipux.com\/web\/wp-json\/wp\/v2\/media?parent=20520"}],"wp:term":[{"taxonomy":"category","embeddable":true,"href":"https:\/\/www.quipux.com\/web\/wp-json\/wp\/v2\/categories?post=20520"},{"taxonomy":"post_tag","embeddable":true,"href":"https:\/\/www.quipux.com\/web\/wp-json\/wp\/v2\/tags?post=20520"}],"curies":[{"name":"wp","href":"https:\/\/api.w.org\/{rel}","templated":true}]}}