{"id":20523,"date":"2023-10-05T10:20:47","date_gmt":"2023-10-05T15:20:47","guid":{"rendered":"https:\/\/www.quipux.com\/web\/gobierno-de-costa-de-marfil-recibe-premio-gracias-a-la-tecnologia-de-quipux\/"},"modified":"2025-03-20T15:31:14","modified_gmt":"2025-03-20T20:31:14","slug":"gobierno-de-costa-de-marfil-recibe-premio-gracias-a-la-tecnologia-de-quipux","status":"publish","type":"post","link":"https:\/\/www.quipux.com\/web\/gobierno-de-costa-de-marfil-recibe-premio-gracias-a-la-tecnologia-de-quipux\/?lang=pt-br","title":{"rendered":"Governo da Costa do Marfim recebe pr\u00eamio pela tecnologia Quipux"},"content":{"rendered":"<section class=\"wpb-content-wrapper\"><p>[vc_row][vc_column][vc_empty_space height=&#8221;20px&#8221;][vc_column_text]<\/p>\n<h4 class=\"entry-subtitle g1-gamma g1-gamma-3rd\">O pr\u00eamio das Na\u00e7\u00f5es Unidas \u00e9 concedido pela inova\u00e7\u00e3o em seguran\u00e7a vi\u00e1ria implementada pelo pa\u00eds africano, usando tecnologia da empresa sediada em Antioquia.<\/h4>\n<p>[\/vc_column_text][\/vc_column][\/vc_row][vc_row][vc_column][vc_column_text]Na ter\u00e7a-feira, 26 de setembro, o <strong>Minist\u00e9rio dos Transportes da Costa do Marfim<\/strong> recebeu o Pr\u00eamio Kofi Annan de Inova\u00e7\u00e3o em Seguran\u00e7a Vi\u00e1ria pela implementa\u00e7\u00e3o do Sistema de Transporte Inteligente (ITS), baseado nas solu\u00e7\u00f5es tecnol\u00f3gicas da empresa colombiana Quipux.<\/p>\n<p>O pr\u00eamio foi entregue na 2\u00aa edi\u00e7\u00e3o do <strong>Pr\u00eamio Kofi Annan de Seguran\u00e7a Rodovi\u00e1ria<\/strong>, realizado em Marrakesh, Marrocos, sob o tema &#8220;Transforma\u00e7\u00f5es e inova\u00e7\u00f5es digitais para estradas mais seguras&#8221;.<\/p>\n<p>Com essa solu\u00e7\u00e3o,<strong> o pa\u00eds conseguiu reduzir em mais de 40% as mortes e os feridos graves no tr\u00e2nsito<\/strong> em suas estradas nacionais.<\/p>\n<p>Sua implementa\u00e7\u00e3o foi liderada por Ibrahima Kone, CEO da Quipux Afrique, utilizando solu\u00e7\u00f5es tecnol\u00f3gicas da empresa colombiana e integrando outros componentes de empresas francesas, chinesas, canadenses e belgas.<\/p>\n<p>Com este tipo de projetos, a Quipux continua alinhando suas solu\u00e7\u00f5es com o objetivo de <strong>apoiar a iniciativa das Na\u00e7\u00f5es Unidas: &#8220;D\u00e9cada de A\u00e7\u00e3o pela Seguran\u00e7a Vi\u00e1ria (2021-2030), que busca reduzir, em pelo menos 50%, as mortes e feridos graves em acidentes de tr\u00e2nsito&#8221;<\/strong>.[\/vc_column_text][vc_empty_space height=&#8221;20px&#8221;][vc_column_text]<\/p>\n<p style=\"text-align: center;\">Este artigo foi retirado do minuto30.com<\/p>\n<p>[\/vc_column_text][vc_empty_space height=&#8221;20px&#8221;][vc_custom_heading text=&#8221;Descubra as novidades do Minuto 30 aqui!&#8221; font_container=&#8221;tag:h2|text_align:center&#8221; google_fonts=&#8221;font_family:Lato%3A100%2C100italic%2C300%2C300italic%2Cregular%2Citalic%2C700%2C700italic%2C900%2C900italic|font_style:400%20regular%3A400%3Anormal&#8221;][\/vc_column][\/vc_row][vc_row][vc_column width=&#8221;1\/4&#8243;][\/vc_column][vc_column width=&#8221;1\/2&#8243;][button title=&#8221;Clique aqui&#8221; link=&#8221;https:\/\/www.minuto30.com\/gobierno-costa-de-marfil-premio-empresa-quipux\/1499471\/&#8221; align=&#8221;center&#8221;][\/vc_column][vc_column width=&#8221;1\/4&#8243;][\/vc_column][\/vc_row]<\/p>\n<\/section>","protected":false},"excerpt":{"rendered":"<p>El gobierno de Costa de Marfil recibe el premio Kofi Annan de las Naciones Unidas, gracias al impacto de nuestras soluciones tecnol\u00f3gicas.<\/p>\n","protected":false},"author":4,"featured_media":20236,"comment_status":"closed","ping_status":"closed","sticky":false,"template":"","format":"standard","meta":{"footnotes":""},"categories":[129,128,130],"tags":[],"class_list":["post-20523","post","type-post","status-publish","format-standard","has-post-thumbnail","hentry","category-innovacion-pt-br","category-nuestras-operaciones-pt-br","category-reconocimientos-pt-br"],"yoast_head":"<!-- This site is optimized with the Yoast SEO Premium plugin v15.6.2 - https:\/\/yoast.com\/wordpress\/plugins\/seo\/ -->\n<title>Governo da Costa do Marfim recebe pr\u00eamio pela tecnologia Quipux | Quipux<\/title>\n<meta name=\"description\" content=\"O governo da Costa do Marfim recebe o Pr\u00eamio Kofi Annan gra\u00e7as \u00e0 tecnologia da empresa colombiana Quipux.\" \/>\n<meta name=\"robots\" content=\"index, follow, max-snippet:-1, max-image-preview:large, max-video-preview:-1\" \/>\n<link rel=\"canonical\" href=\"https:\/\/www.quipux.com\/web\/gobierno-de-costa-de-marfil-recibe-premio-gracias-a-la-tecnologia-de-quipux\/?lang=pt-br\" \/>\n<meta property=\"og:locale\" content=\"es_ES\" \/>\n<meta property=\"og:type\" content=\"article\" \/>\n<meta property=\"og:title\" content=\"Governo da Costa do Marfim recebe pr\u00eamio pela tecnologia Quipux | Quipux\" \/>\n<meta property=\"og:description\" content=\"O governo da Costa do Marfim recebe o Pr\u00eamio Kofi Annan gra\u00e7as \u00e0 tecnologia da empresa colombiana Quipux.\" \/>\n<meta property=\"og:url\" content=\"https:\/\/www.quipux.com\/web\/gobierno-de-costa-de-marfil-recibe-premio-gracias-a-la-tecnologia-de-quipux\/?lang=pt-br\" \/>\n<meta property=\"og:site_name\" content=\"Quipux\" \/>\n<meta property=\"article:published_time\" content=\"2023-10-05T15:20:47+00:00\" \/>\n<meta property=\"article:modified_time\" content=\"2025-03-20T20:31:14+00:00\" \/>\n<meta property=\"og:image\" content=\"https:\/\/www.quipux.com\/web\/wp-content\/uploads\/2023\/10\/Prix-Kofi-Annan-Cote-dIvoire.jpg\" \/>\n\t<meta property=\"og:image:width\" content=\"800\" \/>\n\t<meta property=\"og:image:height\" content=\"246\" \/>\n<meta name=\"twitter:card\" content=\"summary_large_image\" \/>\n<meta name=\"twitter:label1\" content=\"Tiempo de lectura\">\n\t<meta name=\"twitter:data1\" content=\"1 minuto\">\n<script type=\"application\/ld+json\" class=\"yoast-schema-graph\">{\"@context\":\"https:\/\/schema.org\",\"@graph\":[{\"@type\":\"Organization\",\"@id\":\"https:\/\/www.quipux.com\/web\/#organization\",\"name\":\"Quipux\",\"url\":\"https:\/\/www.quipux.com\/web\/\",\"sameAs\":[],\"logo\":{\"@type\":\"ImageObject\",\"@id\":\"https:\/\/www.quipux.com\/web\/#logo\",\"inLanguage\":\"es\",\"url\":\"https:\/\/www.quipux.com\/web\/wp-content\/uploads\/2022\/10\/Logo-quipux-1.png\",\"width\":195,\"height\":41,\"caption\":\"Quipux\"},\"image\":{\"@id\":\"https:\/\/www.quipux.com\/web\/#logo\"}},{\"@type\":\"WebSite\",\"@id\":\"https:\/\/www.quipux.com\/web\/#website\",\"url\":\"https:\/\/www.quipux.com\/web\/\",\"name\":\"Quipux\",\"description\":\"\",\"publisher\":{\"@id\":\"https:\/\/www.quipux.com\/web\/#organization\"},\"potentialAction\":[{\"@type\":\"SearchAction\",\"target\":\"https:\/\/www.quipux.com\/web\/?s={search_term_string}\",\"query-input\":\"required name=search_term_string\"}],\"inLanguage\":\"es\"},{\"@type\":\"ImageObject\",\"@id\":\"https:\/\/www.quipux.com\/web\/gobierno-de-costa-de-marfil-recibe-premio-gracias-a-la-tecnologia-de-quipux\/?lang=pt-br#primaryimage\",\"inLanguage\":\"es\",\"url\":\"https:\/\/www.quipux.com\/web\/wp-content\/uploads\/2023\/10\/Prix-Kofi-Annan-Cote-dIvoire.jpg\",\"width\":800,\"height\":246},{\"@type\":\"WebPage\",\"@id\":\"https:\/\/www.quipux.com\/web\/gobierno-de-costa-de-marfil-recibe-premio-gracias-a-la-tecnologia-de-quipux\/?lang=pt-br#webpage\",\"url\":\"https:\/\/www.quipux.com\/web\/gobierno-de-costa-de-marfil-recibe-premio-gracias-a-la-tecnologia-de-quipux\/?lang=pt-br\",\"name\":\"Governo da Costa do Marfim recebe pr\\u00eamio pela tecnologia Quipux | Quipux\",\"isPartOf\":{\"@id\":\"https:\/\/www.quipux.com\/web\/#website\"},\"primaryImageOfPage\":{\"@id\":\"https:\/\/www.quipux.com\/web\/gobierno-de-costa-de-marfil-recibe-premio-gracias-a-la-tecnologia-de-quipux\/?lang=pt-br#primaryimage\"},\"datePublished\":\"2023-10-05T15:20:47+00:00\",\"dateModified\":\"2025-03-20T20:31:14+00:00\",\"description\":\"O governo da Costa do Marfim recebe o Pr\\u00eamio Kofi Annan gra\\u00e7as \\u00e0 tecnologia da empresa colombiana Quipux.\",\"inLanguage\":\"es\",\"potentialAction\":[{\"@type\":\"ReadAction\",\"target\":[\"https:\/\/www.quipux.com\/web\/gobierno-de-costa-de-marfil-recibe-premio-gracias-a-la-tecnologia-de-quipux\/?lang=pt-br\"]}]},{\"@type\":\"Article\",\"@id\":\"https:\/\/www.quipux.com\/web\/gobierno-de-costa-de-marfil-recibe-premio-gracias-a-la-tecnologia-de-quipux\/?lang=pt-br#article\",\"isPartOf\":{\"@id\":\"https:\/\/www.quipux.com\/web\/gobierno-de-costa-de-marfil-recibe-premio-gracias-a-la-tecnologia-de-quipux\/?lang=pt-br#webpage\"},\"author\":{\"@id\":\"https:\/\/www.quipux.com\/web\/#\/schema\/person\/3d3bb3c5771a73d43a8cfad201343928\"},\"headline\":\"Governo da Costa do Marfim recebe pr\\u00eamio pela tecnologia Quipux\",\"datePublished\":\"2023-10-05T15:20:47+00:00\",\"dateModified\":\"2025-03-20T20:31:14+00:00\",\"mainEntityOfPage\":{\"@id\":\"https:\/\/www.quipux.com\/web\/gobierno-de-costa-de-marfil-recibe-premio-gracias-a-la-tecnologia-de-quipux\/?lang=pt-br#webpage\"},\"publisher\":{\"@id\":\"https:\/\/www.quipux.com\/web\/#organization\"},\"image\":{\"@id\":\"https:\/\/www.quipux.com\/web\/gobierno-de-costa-de-marfil-recibe-premio-gracias-a-la-tecnologia-de-quipux\/?lang=pt-br#primaryimage\"},\"articleSection\":\"Innovaci\\u00f3n,Nuestras operaciones,Reconocimientos\",\"inLanguage\":\"es\"},{\"@type\":\"Person\",\"@id\":\"https:\/\/www.quipux.com\/web\/#\/schema\/person\/3d3bb3c5771a73d43a8cfad201343928\",\"name\":\"Natalia Velasquez\",\"image\":{\"@type\":\"ImageObject\",\"@id\":\"https:\/\/www.quipux.com\/web\/#personlogo\",\"inLanguage\":\"es\",\"url\":\"https:\/\/secure.gravatar.com\/avatar\/9e07e1a33763b738de3a85377e54934352f9b87be84f9cc66d28ea5a2120e8c6?s=96&d=mm&r=g\",\"caption\":\"Natalia Velasquez\"}}]}<\/script>\n<!-- \/ Yoast SEO Premium plugin. -->","_links":{"self":[{"href":"https:\/\/www.quipux.com\/web\/wp-json\/wp\/v2\/posts\/20523","targetHints":{"allow":["GET"]}}],"collection":[{"href":"https:\/\/www.quipux.com\/web\/wp-json\/wp\/v2\/posts"}],"about":[{"href":"https:\/\/www.quipux.com\/web\/wp-json\/wp\/v2\/types\/post"}],"author":[{"embeddable":true,"href":"https:\/\/www.quipux.com\/web\/wp-json\/wp\/v2\/users\/4"}],"replies":[{"embeddable":true,"href":"https:\/\/www.quipux.com\/web\/wp-json\/wp\/v2\/comments?post=20523"}],"version-history":[{"count":5,"href":"https:\/\/www.quipux.com\/web\/wp-json\/wp\/v2\/posts\/20523\/revisions"}],"predecessor-version":[{"id":20655,"href":"https:\/\/www.quipux.com\/web\/wp-json\/wp\/v2\/posts\/20523\/revisions\/20655"}],"wp:featuredmedia":[{"embeddable":true,"href":"https:\/\/www.quipux.com\/web\/wp-json\/wp\/v2\/media\/20236"}],"wp:attachment":[{"href":"https:\/\/www.quipux.com\/web\/wp-json\/wp\/v2\/media?parent=20523"}],"wp:term":[{"taxonomy":"category","embeddable":true,"href":"https:\/\/www.quipux.com\/web\/wp-json\/wp\/v2\/categories?post=20523"},{"taxonomy":"post_tag","embeddable":true,"href":"https:\/\/www.quipux.com\/web\/wp-json\/wp\/v2\/tags?post=20523"}],"curies":[{"name":"wp","href":"https:\/\/api.w.org\/{rel}","templated":true}]}}