{"id":20527,"date":"2023-03-09T10:24:50","date_gmt":"2023-03-09T15:24:50","guid":{"rendered":"https:\/\/www.quipux.com\/web\/estuvimos-presentes-en-el-mobile-world-congress-2023-de-barcelona\/"},"modified":"2025-03-21T07:02:12","modified_gmt":"2025-03-21T12:02:12","slug":"estuvimos-presentes-en-el-mobile-world-congress-2023-de-barcelona","status":"publish","type":"post","link":"https:\/\/www.quipux.com\/web\/estuvimos-presentes-en-el-mobile-world-congress-2023-de-barcelona\/?lang=pt-br","title":{"rendered":"Estivemos presentes no Mobile World Congress 2023 em Barcelona"},"content":{"rendered":"<section class=\"wpb-content-wrapper\"><p>[vc_row][vc_column][vc_column_text]Durante o <strong>desenvolvimento do Mobile World Congress 2023<\/strong> em Barcelona, a Col\u00f4mbia esteve presente com mais de 40 empresas, incluindo a Quipux, onde mais uma vez pudemos testemunhar o desenvolvimento de software em todo o mundo em aplicativos m\u00f3veis, os grandes avan\u00e7os que est\u00e3o sendo desenvolvidos dia a dia tecnologicamente e as <strong>solu\u00e7\u00f5es oferecidas pela tecnologia 4.0<\/strong>.<\/p>\n<p><span style=\"font-weight: 400;\">Tivemos a oportunidade de <a href=\"https:\/\/www.enter.co\/empresas\/que-presenta-colombia-en-mobile-world-congress-2023-de-barcelona\/\" target=\"_blank\" rel=\"noopener\">contar a <\/a><\/span><b>ENTER.CO <\/b>um pouco mais sobre n\u00f3s e as solu\u00e7\u00f5es que oferecemos na Am\u00e9rica Latina e na \u00c1frica, <strong>dando grande apoio \u00e0 OMS na redu\u00e7\u00e3o das mortes e les\u00f5es causadas pelo tr\u00e2nsito<\/strong>, com \u00eanfase na implementa\u00e7\u00e3o do governo eletr\u00f4nico e nos altos n\u00edveis de ado\u00e7\u00e3o digital pelas cidades.<\/p>\n<p><strong>A inova\u00e7\u00e3o est\u00e1 em nosso DNA<\/strong>, e \u00e9 por isso que participar desses eventos \u00e9 fundamental para continuarmos sendo pioneiros na vigil\u00e2ncia tecnol\u00f3gica, criarmos alian\u00e7as estrat\u00e9gicas e tamb\u00e9m termos a oportunidade de conhecer outros clientes e parceiros em potencial com os quais podemos expandir e implementar nossas solu\u00e7\u00f5es em outras cidades do mundo.<\/p>\n<p>Na Quipux, continuamos a nos capacitar nessas tecnologias em evolu\u00e7\u00e3o para <strong>continuar oferecendo maior seguran\u00e7a vi\u00e1ria e cultura de mobilidade nas cidades<\/strong>.[\/vc_column_text][vc_empty_space height=&#8221;20px&#8221;][vc_custom_heading text=&#8221;Leia o artigo do ENTER.CO&#8221; font_container=&#8221;tag:h2|text_align:center&#8221; google_fonts=&#8221;font_family:Lato%3A100%2C100italic%2C300%2C300italic%2Cregular%2Citalic%2C700%2C700italic%2C900%2C900italic|font_style:400%20regular%3A400%3Anormal&#8221;][\/vc_column][\/vc_row][vc_row][vc_column width=&#8221;1\/4&#8243;][\/vc_column][vc_column width=&#8221;1\/2&#8243;][button title=&#8221;Clique aqui!&#8221; link=&#8221;https:\/\/www.enter.co\/empresas\/que-presenta-colombia-en-mobile-world-congress-2023-de-barcelona\/&#8221; align=&#8221;center&#8221; icon=&#8221;&#8221;][\/vc_column][vc_column width=&#8221;1\/4&#8243;][\/vc_column][\/vc_row]<\/p>\n<\/section>","protected":false},"excerpt":{"rendered":"<p>Lee este art\u00edculo para conocer nuestra experiencia en el Mobile World Congress 2023, llevado a cabo en Barcelona.<\/p>\n","protected":false},"author":1,"featured_media":20151,"comment_status":"closed","ping_status":"closed","sticky":false,"template":"","format":"standard","meta":{"footnotes":""},"categories":[129,128,130],"tags":[],"class_list":["post-20527","post","type-post","status-publish","format-standard","has-post-thumbnail","hentry","category-innovacion-pt-br","category-nuestras-operaciones-pt-br","category-reconocimientos-pt-br"],"yoast_head":"<!-- This site is optimized with the Yoast SEO Premium plugin v15.6.2 - https:\/\/yoast.com\/wordpress\/plugins\/seo\/ -->\n<title>Estivemos presentes no Mobile World Congress 2023 em Barcelona | Quipux<\/title>\n<meta name=\"description\" content=\"Leia este artigo para saber mais sobre nossa experi\u00eancia no Mobile World Congress 2023, realizado em Barcelona.\" \/>\n<meta name=\"robots\" content=\"index, follow, max-snippet:-1, max-image-preview:large, max-video-preview:-1\" \/>\n<link rel=\"canonical\" href=\"https:\/\/www.quipux.com\/web\/estuvimos-presentes-en-el-mobile-world-congress-2023-de-barcelona\/?lang=pt-br\" \/>\n<meta property=\"og:locale\" content=\"es_ES\" \/>\n<meta property=\"og:type\" content=\"article\" \/>\n<meta property=\"og:title\" content=\"Estivemos presentes no Mobile World Congress 2023 em Barcelona | Quipux\" \/>\n<meta property=\"og:description\" content=\"Leia este artigo para saber mais sobre nossa experi\u00eancia no Mobile World Congress 2023, realizado em Barcelona.\" \/>\n<meta property=\"og:url\" content=\"https:\/\/www.quipux.com\/web\/estuvimos-presentes-en-el-mobile-world-congress-2023-de-barcelona\/?lang=pt-br\" \/>\n<meta property=\"og:site_name\" content=\"Quipux\" \/>\n<meta property=\"article:published_time\" content=\"2023-03-09T15:24:50+00:00\" \/>\n<meta property=\"article:modified_time\" content=\"2025-03-21T12:02:12+00:00\" \/>\n<meta property=\"og:image\" content=\"https:\/\/www.quipux.com\/web\/wp-content\/uploads\/2023\/03\/Banner_SitioWeb_Quipux_articulo_MWG_Barcelona_aj.jpg\" \/>\n\t<meta property=\"og:image:width\" content=\"800\" \/>\n\t<meta property=\"og:image:height\" content=\"246\" \/>\n<meta name=\"twitter:card\" content=\"summary_large_image\" \/>\n<meta name=\"twitter:label1\" content=\"Tiempo de lectura\">\n\t<meta name=\"twitter:data1\" content=\"1 minuto\">\n<script type=\"application\/ld+json\" class=\"yoast-schema-graph\">{\"@context\":\"https:\/\/schema.org\",\"@graph\":[{\"@type\":\"Organization\",\"@id\":\"https:\/\/www.quipux.com\/web\/#organization\",\"name\":\"Quipux\",\"url\":\"https:\/\/www.quipux.com\/web\/\",\"sameAs\":[],\"logo\":{\"@type\":\"ImageObject\",\"@id\":\"https:\/\/www.quipux.com\/web\/#logo\",\"inLanguage\":\"es\",\"url\":\"https:\/\/www.quipux.com\/web\/wp-content\/uploads\/2022\/10\/Logo-quipux-1.png\",\"width\":195,\"height\":41,\"caption\":\"Quipux\"},\"image\":{\"@id\":\"https:\/\/www.quipux.com\/web\/#logo\"}},{\"@type\":\"WebSite\",\"@id\":\"https:\/\/www.quipux.com\/web\/#website\",\"url\":\"https:\/\/www.quipux.com\/web\/\",\"name\":\"Quipux\",\"description\":\"\",\"publisher\":{\"@id\":\"https:\/\/www.quipux.com\/web\/#organization\"},\"potentialAction\":[{\"@type\":\"SearchAction\",\"target\":\"https:\/\/www.quipux.com\/web\/?s={search_term_string}\",\"query-input\":\"required name=search_term_string\"}],\"inLanguage\":\"es\"},{\"@type\":\"ImageObject\",\"@id\":\"https:\/\/www.quipux.com\/web\/estuvimos-presentes-en-el-mobile-world-congress-2023-de-barcelona\/?lang=pt-br#primaryimage\",\"inLanguage\":\"es\",\"url\":\"https:\/\/www.quipux.com\/web\/wp-content\/uploads\/2023\/03\/Banner_SitioWeb_Quipux_articulo_MWG_Barcelona_aj.jpg\",\"width\":800,\"height\":246},{\"@type\":\"WebPage\",\"@id\":\"https:\/\/www.quipux.com\/web\/estuvimos-presentes-en-el-mobile-world-congress-2023-de-barcelona\/?lang=pt-br#webpage\",\"url\":\"https:\/\/www.quipux.com\/web\/estuvimos-presentes-en-el-mobile-world-congress-2023-de-barcelona\/?lang=pt-br\",\"name\":\"Estivemos presentes no Mobile World Congress 2023 em Barcelona | Quipux\",\"isPartOf\":{\"@id\":\"https:\/\/www.quipux.com\/web\/#website\"},\"primaryImageOfPage\":{\"@id\":\"https:\/\/www.quipux.com\/web\/estuvimos-presentes-en-el-mobile-world-congress-2023-de-barcelona\/?lang=pt-br#primaryimage\"},\"datePublished\":\"2023-03-09T15:24:50+00:00\",\"dateModified\":\"2025-03-21T12:02:12+00:00\",\"description\":\"Leia este artigo para saber mais sobre nossa experi\\u00eancia no Mobile World Congress 2023, realizado em Barcelona.\",\"inLanguage\":\"es\",\"potentialAction\":[{\"@type\":\"ReadAction\",\"target\":[\"https:\/\/www.quipux.com\/web\/estuvimos-presentes-en-el-mobile-world-congress-2023-de-barcelona\/?lang=pt-br\"]}]},{\"@type\":\"Article\",\"@id\":\"https:\/\/www.quipux.com\/web\/estuvimos-presentes-en-el-mobile-world-congress-2023-de-barcelona\/?lang=pt-br#article\",\"isPartOf\":{\"@id\":\"https:\/\/www.quipux.com\/web\/estuvimos-presentes-en-el-mobile-world-congress-2023-de-barcelona\/?lang=pt-br#webpage\"},\"author\":{\"@id\":\"https:\/\/www.quipux.com\/web\/#\/schema\/person\/f837fcc74ed6c0741a0547fdf8b54a87\"},\"headline\":\"Estivemos presentes no Mobile World Congress 2023 em Barcelona\",\"datePublished\":\"2023-03-09T15:24:50+00:00\",\"dateModified\":\"2025-03-21T12:02:12+00:00\",\"mainEntityOfPage\":{\"@id\":\"https:\/\/www.quipux.com\/web\/estuvimos-presentes-en-el-mobile-world-congress-2023-de-barcelona\/?lang=pt-br#webpage\"},\"publisher\":{\"@id\":\"https:\/\/www.quipux.com\/web\/#organization\"},\"image\":{\"@id\":\"https:\/\/www.quipux.com\/web\/estuvimos-presentes-en-el-mobile-world-congress-2023-de-barcelona\/?lang=pt-br#primaryimage\"},\"articleSection\":\"Innovaci\\u00f3n,Nuestras operaciones,Reconocimientos\",\"inLanguage\":\"es\"},{\"@type\":\"Person\",\"@id\":\"https:\/\/www.quipux.com\/web\/#\/schema\/person\/f837fcc74ed6c0741a0547fdf8b54a87\",\"name\":\"admin_comunicaciones\",\"image\":{\"@type\":\"ImageObject\",\"@id\":\"https:\/\/www.quipux.com\/web\/#personlogo\",\"inLanguage\":\"es\",\"url\":\"https:\/\/secure.gravatar.com\/avatar\/9d4c98d6393bc424bcbf13bd214b975203ed1d5e3d23b5ce532ad38d24d95d31?s=96&d=mm&r=g\",\"caption\":\"admin_comunicaciones\"},\"sameAs\":[\"http:\/\/localhost:8888\/sitio-quipux\"]}]}<\/script>\n<!-- \/ Yoast SEO Premium plugin. -->","_links":{"self":[{"href":"https:\/\/www.quipux.com\/web\/wp-json\/wp\/v2\/posts\/20527","targetHints":{"allow":["GET"]}}],"collection":[{"href":"https:\/\/www.quipux.com\/web\/wp-json\/wp\/v2\/posts"}],"about":[{"href":"https:\/\/www.quipux.com\/web\/wp-json\/wp\/v2\/types\/post"}],"author":[{"embeddable":true,"href":"https:\/\/www.quipux.com\/web\/wp-json\/wp\/v2\/users\/1"}],"replies":[{"embeddable":true,"href":"https:\/\/www.quipux.com\/web\/wp-json\/wp\/v2\/comments?post=20527"}],"version-history":[{"count":4,"href":"https:\/\/www.quipux.com\/web\/wp-json\/wp\/v2\/posts\/20527\/revisions"}],"predecessor-version":[{"id":20659,"href":"https:\/\/www.quipux.com\/web\/wp-json\/wp\/v2\/posts\/20527\/revisions\/20659"}],"wp:featuredmedia":[{"embeddable":true,"href":"https:\/\/www.quipux.com\/web\/wp-json\/wp\/v2\/media\/20151"}],"wp:attachment":[{"href":"https:\/\/www.quipux.com\/web\/wp-json\/wp\/v2\/media?parent=20527"}],"wp:term":[{"taxonomy":"category","embeddable":true,"href":"https:\/\/www.quipux.com\/web\/wp-json\/wp\/v2\/categories?post=20527"},{"taxonomy":"post_tag","embeddable":true,"href":"https:\/\/www.quipux.com\/web\/wp-json\/wp\/v2\/tags?post=20527"}],"curies":[{"name":"wp","href":"https:\/\/api.w.org\/{rel}","templated":true}]}}